{"id":133,"__str__":"Projeto de Lei Ordin\u00e1ria n\u00ba 15 de 2025","link_detail_backend":"/materia/133","metadata":{},"numero":15,"ano":2025,"numero_protocolo":239,"data_apresentacao":"2025-05-19","tipo_apresentacao":"E","data_publicacao":null,"numero_origem_externa":"759","ano_origem_externa":2025,"data_origem_externa":null,"apelido":"","dias_prazo":null,"data_fim_prazo":null,"em_tramitacao":false,"polemica":false,"objeto":"","complementar":false,"ementa":"DISP\u00d5E SOBRE A OBRIGATORIEDADE DA INSER\u00c7\u00c3O DO S\u00cdMBOLO MUNDIAL DE CONSCIENTIZA\u00c7\u00c3O DO TRANSTORNO DO ESPECTRO AUTISTA ( TEA), NAS PLACAS DE ATENDIMENTO PRIORIT\u00c1RIO EM ESTABELECIMENTOS P\u00daBLICOS E PRIVADOS NO \u00c2MBITO DO MUNIC\u00cdPIO DE ALEXANDRIA- RN E D\u00c1 OUTRAS PROVID\u00caNCIAS. DE AUTORIA DO VEREADOR FRANCISCO DE ASSIS EUFLAUZINO.","indexacao":"","observacao":"","resultado":"","texto_original":"http://sapl.alexandria.rn.leg.br/media/sapl/public/materialegislativa/2025/133/ccf19052025_0004.pdf","data_ultima_atualizacao":"2025-05-19T11:23:19.215425-03:00","ip":"177.87.15.34","ultima_edicao":"2025-05-19T11:23:18.972269-03:00","tipo":2,"regime_tramitacao":1,"tipo_origem_externa":2,"local_origem_externa":3,"user":24,"anexadas":[],"autores":[52]}